{"id":2842,"date":"2019-05-16T23:05:26","date_gmt":"2019-05-16T21:05:26","guid":{"rendered":"https:\/\/www.schliermer-roemertopf.ch\/?p=2842"},"modified":"2025-01-24T22:16:38","modified_gmt":"2025-01-24T21:16:38","slug":"menu-16-05-2019","status":"publish","type":"post","link":"https:\/\/www.schliermer-roemertopf.ch\/site\/menu-16-05-2019\/","title":{"rendered":"Menu 16.05.2019"},"content":{"rendered":"<p>Unser Menu vom Donnerstag 16.05.2019<\/p>\n<ul>\n<li>Analfi -Zitronen-Carpaccio<\/li>\n<li>Spargesalat Italienisch<\/li>\n<li>Seeteufel mit in gr\u00fcnem Pfeffer mit Basmati-Reis<\/li>\n<li>B\u00fcndner Tiramisu mit Fr\u00fcchten<\/li>\n<\/ul>\n<p>Wein:<\/p>\n<ul>\n<li>Weisswein: Ap\u00e9ro: Epesses, Chasselas, Lavaux<\/li>\n<li>oder Feldschl\u00f6sschen<\/li>\n<li>zu Fisch: Aigle les Murailles 2017<\/li>\n<li>oder Rotwein: Cinque Autoctoni Farnese 2015<\/li>\n<\/ul>\n<p>Rezept:<\/p>\n<p>&nbsp;<\/p>\n<p><!--more--><\/p>\n<p><a href=\"https:\/\/www.schliermer-roemertopf.ch\/site\/wp-content\/uploads\/2019\/04\/00_Original-Menuekarte-16_05_2019.pdf\">00_Original Menuekarte 16_05_2019<\/a><\/p>\n<p><a href=\"https:\/\/www.schliermer-roemertopf.ch\/site\/wp-content\/uploads\/2019\/04\/01_-AMALFI-ZITRONEN-CARPACCIO.pdf\">01_ AMALFI-ZITRONEN-CARPACCIO<\/a><\/p>\n<p><a href=\"https:\/\/www.schliermer-roemertopf.ch\/site\/wp-content\/uploads\/2019\/04\/02_SPARGELSALAT-ITALIENISCH.pdf\">02_SPARGELSALAT ITALIENISCH<\/a><\/p>\n<p><a href=\"https:\/\/www.schliermer-roemertopf.ch\/site\/wp-content\/uploads\/2019\/04\/03_SEETEUFEL-IN-GR\u00dcNEM-PFEFFER.pdf\">03_SEETEUFEL IN GR\u00dcNEM PFEFFER<\/a><\/p>\n<p><a href=\"https:\/\/www.schliermer-roemertopf.ch\/site\/wp-content\/uploads\/2019\/04\/04_BASMATI-REIS.pdf\">04_BASMATI REIS<\/a><\/p>\n<p><a href=\"https:\/\/www.schliermer-roemertopf.ch\/site\/wp-content\/uploads\/2019\/04\/05_B\u00dcNDNER-TIRAMISU-MIT-FR\u00dcCHTEN.pdf\">05_B\u00dcNDNER TIRAMISU MIT FR\u00dcCHTEN<\/a><\/p>\n","protected":false},"excerpt":{"rendered":"<p>Unser Menu vom Donnerstag 16.05.2019 Analfi -Zitronen-Carpaccio Spargesalat Italienisch Seeteufel mit in gr\u00fcnem Pfeffer mit Basmati-Reis B\u00fcndner Tiramisu mit Fr\u00fcchten Wein: Weisswein: Ap\u00e9ro: Epesses, Chasselas, Lavaux oder Feldschl\u00f6sschen zu Fisch: Aigle les Murailles 2017 oder Rotwein: Cinque Autoctoni Farnese 2015 Rezept: &nbsp;<\/p>\n","protected":false},"author":2,"featured_media":0,"comment_status":"closed","ping_status":"open","sticky":false,"template":"","format":"standard","meta":{"ngg_post_thumbnail":0,"jetpack_post_was_ever_published":false,"_jetpack_newsletter_access":"","_jetpack_dont_email_post_to_subs":false,"_jetpack_newsletter_tier_id":0,"_jetpack_memberships_contains_paywalled_content":false,"_jetpack_memberships_contains_paid_content":false,"footnotes":""},"categories":[12,78],"tags":[429,427,425,122,428,386,330,28,426],"class_list":["post-2842","post","type-post","status-publish","format-standard","hentry","category-fruhling","category-tisch-4","tag-amalfi-zitrone","tag-basmati","tag-carpaccio","tag-fisch","tag-pfeffer","tag-seeteufel","tag-spargelsalat","tag-tiramisu","tag-zitrone"],"jetpack_featured_media_url":"","jetpack_sharing_enabled":true,"_links":{"self":[{"href":"https:\/\/www.schliermer-roemertopf.ch\/site\/wp-json\/wp\/v2\/posts\/2842","targetHints":{"allow":["GET"]}}],"collection":[{"href":"https:\/\/www.schliermer-roemertopf.ch\/site\/wp-json\/wp\/v2\/posts"}],"about":[{"href":"https:\/\/www.schliermer-roemertopf.ch\/site\/wp-json\/wp\/v2\/types\/post"}],"author":[{"embeddable":true,"href":"https:\/\/www.schliermer-roemertopf.ch\/site\/wp-json\/wp\/v2\/users\/2"}],"replies":[{"embeddable":true,"href":"https:\/\/www.schliermer-roemertopf.ch\/site\/wp-json\/wp\/v2\/comments?post=2842"}],"version-history":[{"count":0,"href":"https:\/\/www.schliermer-roemertopf.ch\/site\/wp-json\/wp\/v2\/posts\/2842\/revisions"}],"wp:attachment":[{"href":"https:\/\/www.schliermer-roemertopf.ch\/site\/wp-json\/wp\/v2\/media?parent=2842"}],"wp:term":[{"taxonomy":"category","embeddable":true,"href":"https:\/\/www.schliermer-roemertopf.ch\/site\/wp-json\/wp\/v2\/categories?post=2842"},{"taxonomy":"post_tag","embeddable":true,"href":"https:\/\/www.schliermer-roemertopf.ch\/site\/wp-json\/wp\/v2\/tags?post=2842"}],"curies":[{"name":"wp","href":"https:\/\/api.w.org\/{rel}","templated":true}]}}